{"id":10,"date":"2009-10-02T01:49:10","date_gmt":"2009-10-01T23:49:10","guid":{"rendered":"http:\/\/www.sina.maekeler.eu\/?p=10"},"modified":"2009-11-07T17:15:32","modified_gmt":"2009-11-07T15:15:32","slug":"frommigkeitsvorstellungen-im-spatmittelalter-eine-adelige-reisegruppe-auf-dem-weg-ins-heilige-land","status":"publish","type":"post","link":"https:\/\/www.sina.maekeler.eu\/se\/frommigkeitsvorstellungen-im-spatmittelalter-eine-adelige-reisegruppe-auf-dem-weg-ins-heilige-land\/","title":{"rendered":"Fr\u00f6mmigkeitsvorstellungen im Sp\u00e4tmittelalter. Eine adelige Reisegruppe auf dem Weg ins Heilige Land"},"content":{"rendered":"<p>Fr\u00f6mmigkeitsvorstellungen im Sp\u00e4tmittelalter. Eine adelige Reisegruppe auf dem Weg ins Heilige Land, i: Gerhard Fouquet (utg.): Die Reise eines niederadeligen Anonymus ins Heilige Land im Jahre 1494 (Kieler Werkst\u00fccke, E\u00a05), Frankfurt am Main\u00a0m.fl. 2007, s.\u00a0117-124.<\/p>","protected":false},"excerpt":{"rendered":"<p>Fr\u00f6mmigkeitsvorstellungen im Sp\u00e4tmittelalter. Eine adelige Reisegruppe auf dem Weg ins Heilige Land, i: Gerhard Fouquet (utg.): Die Reise eines niederadeligen Anonymus ins Heilige Land im Jahre 1494 (Kieler Werkst\u00fccke, E\u00a05), Frankfurt am Main\u00a0m.fl. 2007, s.\u00a0117-124.<\/p>\n","protected":false},"author":1,"featured_media":0,"comment_status":"closed","ping_status":"closed","sticky":false,"template":"","format":"standard","meta":{"_jetpack_memberships_contains_paid_content":false,"footnotes":"","jetpack_publicize_message":"","jetpack_publicize_feature_enabled":true,"jetpack_social_post_already_shared":false,"jetpack_social_options":{"image_generator_settings":{"template":"highway","default_image_id":0,"font":"","enabled":false},"version":2}},"categories":[25],"tags":[5],"class_list":["post-10","post","type-post","status-publish","format-standard","hentry","category-aufsaetze","tag-gerhard-fouquet","entry"],"geo":null,"jetpack_publicize_connections":[],"jetpack_featured_media_url":"","jetpack_sharing_enabled":true,"jetpack-related-posts":[],"_links":{"self":[{"href":"https:\/\/www.sina.maekeler.eu\/se\/wp-json\/wp\/v2\/posts\/10","targetHints":{"allow":["GET"]}}],"collection":[{"href":"https:\/\/www.sina.maekeler.eu\/se\/wp-json\/wp\/v2\/posts"}],"about":[{"href":"https:\/\/www.sina.maekeler.eu\/se\/wp-json\/wp\/v2\/types\/post"}],"author":[{"embeddable":true,"href":"https:\/\/www.sina.maekeler.eu\/se\/wp-json\/wp\/v2\/users\/1"}],"replies":[{"embeddable":true,"href":"https:\/\/www.sina.maekeler.eu\/se\/wp-json\/wp\/v2\/comments?post=10"}],"version-history":[{"count":2,"href":"https:\/\/www.sina.maekeler.eu\/se\/wp-json\/wp\/v2\/posts\/10\/revisions"}],"predecessor-version":[{"id":42,"href":"https:\/\/www.sina.maekeler.eu\/se\/wp-json\/wp\/v2\/posts\/10\/revisions\/42"}],"wp:attachment":[{"href":"https:\/\/www.sina.maekeler.eu\/se\/wp-json\/wp\/v2\/media?parent=10"}],"wp:term":[{"taxonomy":"category","embeddable":true,"href":"https:\/\/www.sina.maekeler.eu\/se\/wp-json\/wp\/v2\/categories?post=10"},{"taxonomy":"post_tag","embeddable":true,"href":"https:\/\/www.sina.maekeler.eu\/se\/wp-json\/wp\/v2\/tags?post=10"}],"curies":[{"name":"wp","href":"https:\/\/api.w.org\/{rel}","templated":true}]}}