{"id":112,"date":"2013-03-24T16:28:54","date_gmt":"2013-03-24T14:28:54","guid":{"rendered":"http:\/\/www.sina.maekeler.eu\/?p=112"},"modified":"2013-03-24T16:28:54","modified_gmt":"2013-03-24T14:28:54","slug":"degenhardt-pfeffinger-spatmittelalterliches-weltverstandnis-im-spiegel-einer-munzsammlung","status":"publish","type":"post","link":"https:\/\/www.sina.maekeler.eu\/fr\/degenhardt-pfeffinger-spatmittelalterliches-weltverstandnis-im-spiegel-einer-munzsammlung\/","title":{"rendered":"Degenhardt Pfeffinger \u2013 Sp\u00e4tmittelalterliches Weltverst\u00e4ndnis im Spiegel einer M\u00fcnzsammlung"},"content":{"rendered":"<p>Degenhardt Pfeffinger &#8211; Sp\u00e4tmittelalterliches Weltverst\u00e4ndnis im Spiegel einer M\u00fcnzsammlung, dans:\u00a0Harm von Seggern et Gabriel Zeilinger (dir.): <a title=\" \u201eEs geht um die Menschen\u201c. Beitr\u00e4ge zur Wirtschafts- und Sozialgeschichte des Mittelalters f\u00fcr Gerhard Fouquet zum 60. Geburtstag\" href=\"http:\/\/www.peterlang.de\/index.cfm?event=cmp.ccc.seitenstruktur.detailseiten&#038;seitentyp=produkt&#038;pk=62366&#038;cid=564&#038;concordeid=270786\" target=\"_blank\"> \u201eEs geht um die Menschen\u201c. Beitr\u00e4ge zur Wirtschafts- und Sozialgeschichte des Mittelalters f\u00fcr Gerhard Fouquet zum 60. Geburtstag<\/a>, Frankfurt am Main et al 2012, p. 225-243.<\/p>","protected":false},"excerpt":{"rendered":"<p>Degenhardt Pfeffinger &#8211; Sp\u00e4tmittelalterliches Weltverst\u00e4ndnis im Spiegel einer M\u00fcnzsammlung, dans:\u00a0Harm von Seggern et Gabriel Zeilinger (dir.): \u201eEs geht um die Menschen\u201c. Beitr\u00e4ge zur Wirtschafts- und Sozialgeschichte des Mittelalters f\u00fcr Gerhard Fouquet zum 60. Geburtstag, Frankfurt am Main et al 2012, p. 225-243.<\/p>\n","protected":false},"author":1,"featured_media":0,"comment_status":"closed","ping_status":"closed","sticky":false,"template":"","format":"standard","meta":{"_jetpack_memberships_contains_paid_content":false,"footnotes":"","jetpack_publicize_message":"","jetpack_publicize_feature_enabled":true,"jetpack_social_post_already_shared":false,"jetpack_social_options":{"image_generator_settings":{"template":"highway","default_image_id":0,"font":"","enabled":false},"version":2}},"categories":[25],"tags":[60,38,5,14,39,61],"class_list":["post-112","post","type-post","status-publish","format-standard","hentry","category-aufsaetze","tag-degenhardt-pfeffinger","tag-gabriel-zeilinger","tag-gerhard-fouquet","tag-kursachsen","tag-munzen","tag-munzsammlung","entry"],"geo":null,"jetpack_publicize_connections":[],"jetpack_featured_media_url":"","jetpack_sharing_enabled":true,"jetpack-related-posts":[],"_links":{"self":[{"href":"https:\/\/www.sina.maekeler.eu\/fr\/wp-json\/wp\/v2\/posts\/112","targetHints":{"allow":["GET"]}}],"collection":[{"href":"https:\/\/www.sina.maekeler.eu\/fr\/wp-json\/wp\/v2\/posts"}],"about":[{"href":"https:\/\/www.sina.maekeler.eu\/fr\/wp-json\/wp\/v2\/types\/post"}],"author":[{"embeddable":true,"href":"https:\/\/www.sina.maekeler.eu\/fr\/wp-json\/wp\/v2\/users\/1"}],"replies":[{"embeddable":true,"href":"https:\/\/www.sina.maekeler.eu\/fr\/wp-json\/wp\/v2\/comments?post=112"}],"version-history":[{"count":5,"href":"https:\/\/www.sina.maekeler.eu\/fr\/wp-json\/wp\/v2\/posts\/112\/revisions"}],"predecessor-version":[{"id":117,"href":"https:\/\/www.sina.maekeler.eu\/fr\/wp-json\/wp\/v2\/posts\/112\/revisions\/117"}],"wp:attachment":[{"href":"https:\/\/www.sina.maekeler.eu\/fr\/wp-json\/wp\/v2\/media?parent=112"}],"wp:term":[{"taxonomy":"category","embeddable":true,"href":"https:\/\/www.sina.maekeler.eu\/fr\/wp-json\/wp\/v2\/categories?post=112"},{"taxonomy":"post_tag","embeddable":true,"href":"https:\/\/www.sina.maekeler.eu\/fr\/wp-json\/wp\/v2\/tags?post=112"}],"curies":[{"name":"wp","href":"https:\/\/api.w.org\/{rel}","templated":true}]}}