{"id":47,"date":"2009-11-07T17:36:17","date_gmt":"2009-11-07T15:36:17","guid":{"rendered":"http:\/\/www.sina.maekeler.eu\/?p=47"},"modified":"2009-11-07T17:37:19","modified_gmt":"2009-11-07T15:37:19","slug":"ott-thomas-prazedenz-und-nachbarschaft-das-albertinische-sachsen-und-seine-zuordnung-zu-kaiser-und-reich-im-16-jahrhundert","status":"publish","type":"post","link":"https:\/\/www.sina.maekeler.eu\/en\/ott-thomas-prazedenz-und-nachbarschaft-das-albertinische-sachsen-und-seine-zuordnung-zu-kaiser-und-reich-im-16-jahrhundert\/","title":{"rendered":"Ott, Thomas: Pr\u00e4zedenz und Nachbarschaft. Das albertinische Sachsen und seine Zuordnung zu Kaiser und Reich im 16. Jahrhundert"},"content":{"rendered":"<p>Ott, Thomas: Pr\u00e4zedenz und Nachbarschaft. Das albertinische Sachsen und seine Zuordnung zu Kaiser und Reich im 16. Jahrhundert (Ver\u00f6ffentlichungen des Instituts f\u00fcr Europ\u00e4ische Geschichte Mainz. Abendl\u00e4ndische Religionsgeschichte, 217) [&#8230;], in: Mitteilungen der Residenzen-Kommission 19 (2009) 1, pp. 69-71.<\/p>\n<p>HTML: <a href=\"http:\/\/resikom.adw-goettingen.gwdg.de\/MRK\/MRK19-1.htm\" target=\"_blank\">http:\/\/resikom.adw-goettingen.gwdg.de\/MRK\/MRK19-1.htm<\/a><br \/>\nPDF: <a href=\"http:\/\/resikom.adw-goettingen.gwdg.de\/MRK\/MRK19-1.pdf\" target=\"_blank\">http:\/\/resikom.adw-goettingen.gwdg.de\/MRK\/MRK19-1.pdf<\/a><\/p>","protected":false},"excerpt":{"rendered":"<p>Ott, Thomas: Pr\u00e4zedenz und Nachbarschaft. Das albertinische Sachsen und seine Zuordnung zu Kaiser und Reich im 16. Jahrhundert (Ver\u00f6ffentlichungen des Instituts f\u00fcr Europ\u00e4ische Geschichte Mainz. Abendl\u00e4ndische Religionsgeschichte, 217) [&#8230;], in: Mitteilungen der Residenzen-Kommission 19 (2009) 1, pp. 69-71. HTML: http:\/\/resikom.adw-goettingen.gwdg.de\/MRK\/MRK19-1.htm PDF: http:\/\/resikom.adw-goettingen.gwdg.de\/MRK\/MRK19-1.pdf<\/p>\n","protected":false},"author":1,"featured_media":0,"comment_status":"closed","ping_status":"closed","sticky":false,"template":"","format":"standard","meta":{"_jetpack_memberships_contains_paid_content":false,"footnotes":"","jetpack_publicize_message":"","jetpack_publicize_feature_enabled":true,"jetpack_social_post_already_shared":false,"jetpack_social_options":{"image_generator_settings":{"template":"highway","default_image_id":0,"font":"","enabled":false},"version":2}},"categories":[24],"tags":[29,30,31,20,28],"class_list":["post-47","post","type-post","status-publish","format-standard","hentry","category-rezensionen","tag-albertiner","tag-kaiser","tag-reich","tag-sachsen","tag-thomas-ott","entry"],"geo":null,"jetpack_publicize_connections":[],"jetpack_featured_media_url":"","jetpack_sharing_enabled":true,"jetpack-related-posts":[],"_links":{"self":[{"href":"https:\/\/www.sina.maekeler.eu\/en\/wp-json\/wp\/v2\/posts\/47","targetHints":{"allow":["GET"]}}],"collection":[{"href":"https:\/\/www.sina.maekeler.eu\/en\/wp-json\/wp\/v2\/posts"}],"about":[{"href":"https:\/\/www.sina.maekeler.eu\/en\/wp-json\/wp\/v2\/types\/post"}],"author":[{"embeddable":true,"href":"https:\/\/www.sina.maekeler.eu\/en\/wp-json\/wp\/v2\/users\/1"}],"replies":[{"embeddable":true,"href":"https:\/\/www.sina.maekeler.eu\/en\/wp-json\/wp\/v2\/comments?post=47"}],"version-history":[{"count":2,"href":"https:\/\/www.sina.maekeler.eu\/en\/wp-json\/wp\/v2\/posts\/47\/revisions"}],"predecessor-version":[{"id":49,"href":"https:\/\/www.sina.maekeler.eu\/en\/wp-json\/wp\/v2\/posts\/47\/revisions\/49"}],"wp:attachment":[{"href":"https:\/\/www.sina.maekeler.eu\/en\/wp-json\/wp\/v2\/media?parent=47"}],"wp:term":[{"taxonomy":"category","embeddable":true,"href":"https:\/\/www.sina.maekeler.eu\/en\/wp-json\/wp\/v2\/categories?post=47"},{"taxonomy":"post_tag","embeddable":true,"href":"https:\/\/www.sina.maekeler.eu\/en\/wp-json\/wp\/v2\/tags?post=47"}],"curies":[{"name":"wp","href":"https:\/\/api.w.org\/{rel}","templated":true}]}}